{"id":1047,"date":"2026-03-03T23:52:04","date_gmt":"2026-03-03T21:52:04","guid":{"rendered":"https:\/\/www.cantinovum.fi\/homepage\/?p=1047"},"modified":"2026-04-26T14:01:30","modified_gmt":"2026-04-26T12:01:30","slug":"25-4-aanekosken-kevatkonsertti-kosken-laulun-kanssa","status":"publish","type":"post","link":"https:\/\/www.cantinovum.fi\/homepage\/25-4-aanekosken-kevatkonsertti-kosken-laulun-kanssa\/","title":{"rendered":"25.4. Kylm\u00e4st\u00e4 L\u00e4mpim\u00e4\u00e4n &#8211; \u00c4\u00e4nekosken kev\u00e4tkonsertti Kosken laulun kanssa"},"content":{"rendered":"\n<figure class=\"wp-block-image size-large\"><img loading=\"lazy\" decoding=\"async\" width=\"1024\" height=\"576\" src=\"https:\/\/www.cantinovum.fi\/homepage\/wp-content\/uploads\/2026\/03\/WhatsApp-Image-2026-03-26-at-21.05.18-1024x576.jpeg\" alt=\"\" class=\"wp-image-1063\" srcset=\"https:\/\/www.cantinovum.fi\/homepage\/wp-content\/uploads\/2026\/03\/WhatsApp-Image-2026-03-26-at-21.05.18-1024x576.jpeg 1024w, https:\/\/www.cantinovum.fi\/homepage\/wp-content\/uploads\/2026\/03\/WhatsApp-Image-2026-03-26-at-21.05.18-300x169.jpeg 300w, https:\/\/www.cantinovum.fi\/homepage\/wp-content\/uploads\/2026\/03\/WhatsApp-Image-2026-03-26-at-21.05.18-768x432.jpeg 768w, https:\/\/www.cantinovum.fi\/homepage\/wp-content\/uploads\/2026\/03\/WhatsApp-Image-2026-03-26-at-21.05.18-1536x864.jpeg 1536w, https:\/\/www.cantinovum.fi\/homepage\/wp-content\/uploads\/2026\/03\/WhatsApp-Image-2026-03-26-at-21.05.18-18x10.jpeg 18w, https:\/\/www.cantinovum.fi\/homepage\/wp-content\/uploads\/2026\/03\/WhatsApp-Image-2026-03-26-at-21.05.18-600x338.jpeg 600w, https:\/\/www.cantinovum.fi\/homepage\/wp-content\/uploads\/2026\/03\/WhatsApp-Image-2026-03-26-at-21.05.18.jpeg 1920w\" sizes=\"auto, (max-width: 1024px) 100vw, 1024px\" \/><\/figure>\n\n\n\n<p>On aika siirty\u00e4 kylm\u00e4st\u00e4 l\u00e4mpim\u00e4\u00e4n!<\/p>\n\n\n\n<p>Kosken laulu ja Cantinovum laulavat yhteiskonsertissa \u00c4\u00e4nekoskella 25.4. klo 17. Konsertissa on v\u00e4liaika. V\u00e4liaikatarjoilut hoitaa Honkolan koulun 4.lk.<\/p>\n\n\n\n<p>Konsertti vie kuulijan vuodenaikojen halki: talven tuiskuista kev\u00e4\u00e4n her\u00e4\u00e4miseen ja edelleen kes\u00e4n valoon ja l\u00e4mp\u00f6\u00f6n.<\/p>\n\n\n\n<p>Kosken Laulun s\u00e4velet heijastelevat osittain talvista mielenmaisemaa ja ohjelmistossa kuullaan hieman kylmempi\u00e4 s\u00e4vyj\u00e4, kuten Pilven Piirt\u00e4jien Talviunta.<\/p>\n\n\n\n<p>JAMKin edustuskuoro Cantinovum puolestaan johdattelee meit\u00e4 kohti kes\u00e4n l\u00e4mmint\u00e4 sointia ja ohjelmistossa kuullaan muun muassa Marika Kaakisen s\u00e4velt\u00e4m\u00e4 Kes\u00e4hetket.<\/p>\n\n\n\n<p>Kuoroja johtavat Morgan Sotejeff-Wilson ja Rita Varonen.<\/p>\n\n\n\n<p>L\u00e4mpim\u00e4sti tervetuloa kuuntelemaan kun talven s\u00e4vyt sulavat kev\u00e4\u00e4ksi ja puhkeavat lopulta kes\u00e4n kirkkauteen!<\/p>\n\n\n\n<div class=\"wp-block-buttons is-layout-flex wp-block-buttons-is-layout-flex\">\n<div class=\"wp-block-button\"><a class=\"wp-block-button__link has-background has-medium-font-size has-custom-font-size wp-element-button\" href=\"https:\/\/www.cantinovum.fi\/homepage\/tuote\/25-4-kylmasta-lampimaan-aanekosken-kevatkonsertti-kosken-laulun-kanssa\/\" style=\"background:linear-gradient(135deg,rgb(241,147,163) 0%,rgb(105,20,51) 100%);padding-top:var(--wp--preset--spacing--10);padding-right:var(--wp--preset--spacing--20);padding-bottom:var(--wp--preset--spacing--10);padding-left:var(--wp--preset--spacing--20)\">Siirry lipunmyyntiin t\u00e4st\u00e4<\/a><\/div>\n<\/div>\n\n\n\n<p>Lippuhinnat:<\/p>\n\n\n\n<figure class=\"wp-block-table is-style-stripes has-medium-font-size\"><table class=\"has-fixed-layout\" style=\"border-width:22px\"><tbody><tr><td>Ennakkolippu <\/td><td>13\u20ac<\/td><\/tr><tr><td>Peruslippu <\/td><td>15\u20ac<\/td><\/tr><tr><td>Alennusryhm\u00e4t <\/td><td>10\u20ac<\/td><\/tr><\/tbody><\/table><\/figure>\n\n\n\n<p>Alle 12-v. ilmaiseksi<\/p>\n","protected":false},"excerpt":{"rendered":"<p>On aika siirty\u00e4 kylm\u00e4st\u00e4 l\u00e4mpim\u00e4\u00e4n! Kosken laulu ja Cantinovum laulavat yhteiskonsertissa \u00c4\u00e4nekoskella 25.4. klo 17. Konsertissa on v\u00e4liaika. V\u00e4liaikatarjoilut hoitaa Honkolan koulun 4.lk. Konsertti vie kuulijan vuodenaikojen halki: talven tuiskuista kev\u00e4\u00e4n her\u00e4\u00e4miseen ja edelleen kes\u00e4n valoon ja l\u00e4mp\u00f6\u00f6n. Kosken Laulun s\u00e4velet heijastelevat osittain talvista mielenmaisemaa ja ohjelmistossa kuullaan hieman kylmempi\u00e4 s\u00e4vyj\u00e4, kuten Pilven Piirt\u00e4jien Talviunta. [&hellip;]<\/p>\n","protected":false},"author":2,"featured_media":1064,"comment_status":"closed","ping_status":"open","sticky":false,"template":"","format":"standard","meta":{"footnotes":""},"categories":[76,72,3],"tags":[96,74],"class_list":["post-1047","post","type-post","status-publish","format-standard","has-post-thumbnail","hentry","category-konsertit","category-menneet-tapahtumat","category-tapahtumat","tag-96","tag-konsertti"],"_links":{"self":[{"href":"https:\/\/www.cantinovum.fi\/homepage\/wp-json\/wp\/v2\/posts\/1047","targetHints":{"allow":["GET"]}}],"collection":[{"href":"https:\/\/www.cantinovum.fi\/homepage\/wp-json\/wp\/v2\/posts"}],"about":[{"href":"https:\/\/www.cantinovum.fi\/homepage\/wp-json\/wp\/v2\/types\/post"}],"author":[{"embeddable":true,"href":"https:\/\/www.cantinovum.fi\/homepage\/wp-json\/wp\/v2\/users\/2"}],"replies":[{"embeddable":true,"href":"https:\/\/www.cantinovum.fi\/homepage\/wp-json\/wp\/v2\/comments?post=1047"}],"version-history":[{"count":7,"href":"https:\/\/www.cantinovum.fi\/homepage\/wp-json\/wp\/v2\/posts\/1047\/revisions"}],"predecessor-version":[{"id":1076,"href":"https:\/\/www.cantinovum.fi\/homepage\/wp-json\/wp\/v2\/posts\/1047\/revisions\/1076"}],"wp:featuredmedia":[{"embeddable":true,"href":"https:\/\/www.cantinovum.fi\/homepage\/wp-json\/wp\/v2\/media\/1064"}],"wp:attachment":[{"href":"https:\/\/www.cantinovum.fi\/homepage\/wp-json\/wp\/v2\/media?parent=1047"}],"wp:term":[{"taxonomy":"category","embeddable":true,"href":"https:\/\/www.cantinovum.fi\/homepage\/wp-json\/wp\/v2\/categories?post=1047"},{"taxonomy":"post_tag","embeddable":true,"href":"https:\/\/www.cantinovum.fi\/homepage\/wp-json\/wp\/v2\/tags?post=1047"}],"curies":[{"name":"wp","href":"https:\/\/api.w.org\/{rel}","templated":true}]}}